{"id":2754,"date":"2026-04-17T13:08:59","date_gmt":"2026-04-17T16:08:59","guid":{"rendered":"https:\/\/ilabrasil.com.br\/blog\/?p=2754"},"modified":"2026-04-17T13:09:00","modified_gmt":"2026-04-17T16:09:00","slug":"race-and-development-in-the-2030-agenda","status":"publish","type":"post","link":"https:\/\/ilabrasil.com.br\/blog\/race-and-development-in-the-2030-agenda\/","title":{"rendered":"Race and Development in the 2030 Agenda"},"content":{"rendered":"\n<p>By establishing 17 Sustainable Development Goals, the UN&#8217;s 2030 Agenda proposes that States work collectively towards a development model that articulates care for people, protection of the planet, economic prosperity, promotion of peace, and the strengthening of partnerships, promising to &#8220;leave no one behind.&#8221; The report published in 2022 by the UN Special Rapporteur on Racism, E. Tendayi Achiume, demonstrates that this promise encounters significant limitations when the issue of race appears only on the margins of the debate. The Agenda acknowledges inequalities but avoids naming what sustains them: race, structural racism, and the legacies of colonialism (Achiume, 2022).<\/p>\n\n\n\n<p>This tension between discourse and reality becomes particularly visible when we observe the language and indicators of the SDGs. Although the document acknowledges the need to reduce inequalities, especially through SDG 10, its indicators treat these disparities in a largely aggregated way, prioritizing economic or distributive metrics, without consistently incorporating racial or ethnic breakdowns. Inequality thus appears as a neutral phenomenon, detached from the historical structures that produce it. In this context, structural racism often remains invisible in the monitoring instruments of the Agenda. (ONU, 2018).<\/p>\n\n\n\n<p>Without specific indicators and data that allow for the observation of historically constructed inequalities, the commitment to equality remains, according to the report, in discourse and not in practice. Achiume highlights that this omission is not technical, but political, indicating that the UN still operates under the idea of \u200b\u200bracial neutrality, which tends to make global power hierarchies invisible. This diagnosis is echoed by Patricia Hill Collins, who demonstrates how discourses of objectivity and universality often reinforce dominant perspectives, presenting as neutral views aligned with the epistemologies of the Global North. Thus, the 2030 Agenda formulates broad goals, but devoid of the concrete historical conditions that structure development. (Collins, 2000).<\/p>\n\n\n\n<p>It is in this context that the Brazilian proposal to create SDG 18, Ethnic-Racial Equality, gains centrality. Announced by the Brazilian government in the context of the 78th United Nations General Assembly, SDG 18 arises from the recognition that, halfway through the implementation period of the Agenda, the reduction of inequalities is progressing insufficiently. The proposal stems from the recognition that addressing racial inequalities requires indicators capable of making visible historically produced inequalities that are frequently absent from the monitoring instruments of the 2030 Agenda.&nbsp;<\/p>\n\n\n\n<p>In this sense, the proposal directly engages with the diagnosis presented by Achiume. While the 2030 Agenda tends to treat inequality as a neutral phenomenon, SDG 18 proposes making visible the racial hierarchies that structure global development. More than creating an isolated objective, the Brazilian initiative suggests an interpretative lens capable of complementing existing SDGs, allowing goals related to poverty, education, work, or the reduction of inequalities to be analyzed also from their racial dimensions (ODS 18 &#8211; Igualdade \u00c9tnico-Racial).<\/p>\n\n\n\n<p>The reintegration of the National Commission for the Sustainable Development Goals (CNODS), with equal participation between government and civil society, and the creation of the Thematic Chamber for SDG 18, coordinated by the Ministry of Racial Equality, the Ministry of Indigenous Peoples, and the Executive Secretariat of the CNODS, represent an important institutional advance. In this sense, the proposal also highlights how international legal language can be internalized domestically to guide public policies aimed at promoting racial equality (<a href=\"https:\/\/www.planalto.gov.br\/ccivil_03\/_ato2023-2026\/2023\/decreto\/d11704.htm\">Decreto no 11.704\/CNODS<\/a>). The initiative recognizes that sustainable development requires confronting racism as a structural issue, and not merely as a cross-cutting theme.<\/p>\n\n\n\n<p>Internationally, however, SDG 18 still has a proactive character. The initiative was presented by Brazil as a contribution to the global debate on sustainable development and has been discussed in diplomatic spaces and international forums, but has not yet been formally incorporated into the official set of Sustainable Development Goals. (Silva, 2023). This scenario highlights both the limitations and the relevance of the proposal, by broadening the debate on the need to recognize racism as a structural dimension of development.<\/p>\n\n\n\n<p>The Brazilian movement is inspired by voluntary experiences in countries like India and Costa Rica, which have also established additional SDGs to address identified gaps. By aligning the 2030 Agenda with the Achiume report, SDG 18 demonstrates an unavoidable need. Diagnosis: there is no sustainable development without racial justice. The promise of &#8220;leaving no one behind&#8221; will be fulfilled when the international system recognizes who has been historically &#8220;left behind&#8221; and through which structures. The Brazilian SDG 18 points to a possible path of transformation, a global agenda that integrates perspectives produced by racialized people, inaugurating a horizon of development truly committed to racial equality and global justice.<\/p>\n\n\n\n<p><strong><em>References<\/em><\/strong><\/p>\n\n\n\n<p><strong>ACHIUME<\/strong>, E. Tendayi. Relat\u00f3rio do Relator Especial sobre as formas contempor\u00e2neas de racismo, discrimina\u00e7\u00e3o racial, xenofobia e intoler\u00e2ncia correlata. Assembleia Geral das Na\u00e7\u00f5es Unidas, A\/77\/328, 2022.<\/p>\n\n\n\n<p><strong>BRASIL.<\/strong> Presid\u00eancia da Rep\u00fablica. Discurso do Presidente Luiz In\u00e1cio Lula da Silva na abertura da 78\u00aa Assembleia Geral das Na\u00e7\u00f5es Unidas. 2023. Dispon\u00edvel em: <a href=\"https:\/\/www.gov.br\/planalto\/pt-br\/acompanhe-o-planalto\/discursos-e-pronunciamentos\/2023\/discurso-do-presidente-luiz-inacio-lula-da-silva-na-abertura-da-78a-assembleia-da-onu\">https:\/\/www.gov.br\/planalto\/pt-br\/acompanhe-o-planalto\/discursos-e-pronunciamentos\/2023\/discurso-do-presidente-luiz-inacio-lula-da-silva-na-abertura-da-78a-assembleia-da-onu<\/a> Acesso em: 14 de mar de 2026.<\/p>\n\n\n\n<p><strong>BRASIL.<\/strong> Decreto n\u00ba 11.704, de 20 de dezembro de 2023. Institui a Comiss\u00e3o Nacional para os Objetivos de Desenvolvimento Sustent\u00e1vel \u2013 CNODS. Dispon\u00edvel em: <a href=\"https:\/\/www.planalto.gov.br\/ccivil_03\/_ato2023-2026\/2023\/decreto\/D11704.htm\">D11704<\/a> Acesso em: 14 de mar de 2026.<\/p>\n\n\n\n<p><strong>BRASIL.<\/strong> Comiss\u00e3o Nacional dos ODS (CNODS). Resolu\u00e7\u00e3o n\u00ba 2\/2023. Cria a C\u00e2mara Tem\u00e1tica do ODS 18 \u2013 Igualdade \u00c9tnico-Racial. Dispon\u00edvel em: <a href=\"https:\/\/www.gov.br\/secretariageral\/pt-br\/cnods\/resolucoes\/Resolucao2ODS18IgualdadeEtnicoRacial.pdf\">https:\/\/www.gov.br\/secretariageral\/pt-br\/cnods\/resolucoes\/Resolucao2ODS18IgualdadeEtnicoRacial.pdf<\/a> . Acesso em: 14 de mar de 2026.<\/p>\n\n\n\n<p><strong>COLLINS,<\/strong> Patricia Hill. Pensamento Feminista Negro: Conhecimento, Consci\u00eancia e a Pol\u00edtica do Empoderamento. 2\u00aa ed. Nova York: Routledge, 2000.<\/p>\n\n\n\n<p><strong>ODS 10<\/strong> &#8211; Organiza\u00e7\u00e3o das Na\u00e7\u00f5es Unidas.&nbsp;Agenda 2030 para o Desenvolvimento Sustent\u00e1vel. Dispon\u00edvel em:&nbsp;<a href=\"https:\/\/brasil.un.org\/pt-br\/sdgs\">https:\/\/brasil.un.org\/pt-br\/sdgs<\/a>. Acesso em: 14 de mar de 2026.<\/p>\n\n\n\n<p><strong>ODS 18<\/strong> &#8211; Igualdade \u00c9tnico-racial &#8211; Minist\u00e9rio Da Igualdade Racial. 2023. Dispon\u00edvel em: <a href=\"https:\/\/www.gov.br\/igualdaderacial\/pt-br\/assuntos\/programas-e-projetos\/ods18\">ODS 18 &#8211; Igualdade \u00c9tnico-Racial \u2014 Minist\u00e9rio da Igualdade Racial.<\/a> Acesso em: 14 de mar de 2026.<\/p>\n\n\n\n<p><strong>ONU<\/strong> &#8211; Organiza\u00e7\u00e3o das Na\u00e7\u00f5es Unidas. Transformando nosso mundo: a Agenda 2030 para o Desenvolvimento Sustent\u00e1vel. 2015. Dispon\u00edvel em: <a href=\"https:\/\/brasil.un.org\/sites\/default\/files\/2020-09\/agenda2030-pt-br.pdf\">https:\/\/brasil.un.org\/sites\/default\/files\/2020-09\/agenda2030-pt-br.pdf<\/a> Acesso em: 14 de mar de 2026.<\/p>\n","protected":false},"excerpt":{"rendered":"<p>Between discourse and reality<\/p>\n","protected":false},"author":3,"featured_media":0,"comment_status":"open","ping_status":"open","sticky":false,"template":"","format":"standard","meta":{"footnotes":""},"categories":[5],"tags":[],"ppma_author":[363],"class_list":["post-2754","post","type-post","status-publish","format-standard","hentry","category-research-symposia"],"authors":[{"term_id":363,"user_id":0,"is_guest":1,"slug":"tainara-caceres-rodrigues","display_name":"Tainara Caceres Rodrigues","avatar_url":{"url":"https:\/\/ilabrasil.com.br\/blog\/wp-content\/uploads\/2026\/04\/equipe_0062_Taianara_Rodrigues-768da21f.webp","url2x":"https:\/\/ilabrasil.com.br\/blog\/wp-content\/uploads\/2026\/04\/equipe_0062_Taianara_Rodrigues-768da21f.webp"},"author_category":"1","first_name":"Tainara","last_name":"Caceres Rodrigues","user_url":"","job_title":"","description":"Member of the Antiracism Research Center at the Federal University of Rio Grande do Sul (UFRGS) and of the Institute for Access to Justice. Currently pursuing a Master\u2019s degree in Law at UFRGS. Holds a postgraduate degree in Civil Law and Civil Procedure from FMP and a Bachelor of Laws (LL.B.) from PUCRS."}],"_links":{"self":[{"href":"https:\/\/ilabrasil.com.br\/blog\/wp-json\/wp\/v2\/posts\/2754","targetHints":{"allow":["GET"]}}],"collection":[{"href":"https:\/\/ilabrasil.com.br\/blog\/wp-json\/wp\/v2\/posts"}],"about":[{"href":"https:\/\/ilabrasil.com.br\/blog\/wp-json\/wp\/v2\/types\/post"}],"author":[{"embeddable":true,"href":"https:\/\/ilabrasil.com.br\/blog\/wp-json\/wp\/v2\/users\/3"}],"replies":[{"embeddable":true,"href":"https:\/\/ilabrasil.com.br\/blog\/wp-json\/wp\/v2\/comments?post=2754"}],"version-history":[{"count":1,"href":"https:\/\/ilabrasil.com.br\/blog\/wp-json\/wp\/v2\/posts\/2754\/revisions"}],"predecessor-version":[{"id":2755,"href":"https:\/\/ilabrasil.com.br\/blog\/wp-json\/wp\/v2\/posts\/2754\/revisions\/2755"}],"wp:attachment":[{"href":"https:\/\/ilabrasil.com.br\/blog\/wp-json\/wp\/v2\/media?parent=2754"}],"wp:term":[{"taxonomy":"category","embeddable":true,"href":"https:\/\/ilabrasil.com.br\/blog\/wp-json\/wp\/v2\/categories?post=2754"},{"taxonomy":"post_tag","embeddable":true,"href":"https:\/\/ilabrasil.com.br\/blog\/wp-json\/wp\/v2\/tags?post=2754"},{"taxonomy":"author","embeddable":true,"href":"https:\/\/ilabrasil.com.br\/blog\/wp-json\/wp\/v2\/ppma_author?post=2754"}],"curies":[{"name":"wp","href":"https:\/\/api.w.org\/{rel}","templated":true}]}}