{"id":2653,"date":"2026-02-23T19:28:02","date_gmt":"2026-02-23T22:28:02","guid":{"rendered":"https:\/\/ilabrasil.com.br\/blog\/?p=2653"},"modified":"2026-02-23T19:28:03","modified_gmt":"2026-02-23T22:28:03","slug":"a-suprema-corte-freia-o-tarifaco-de-trump-o-que-muda-na-politica-comercial-americana","status":"publish","type":"post","link":"https:\/\/ilabrasil.com.br\/blog\/a-suprema-corte-freia-o-tarifaco-de-trump-o-que-muda-na-politica-comercial-americana\/","title":{"rendered":"A Suprema Corte freia o \u201ctarifa\u00e7o\u201d de Trump: o que muda na pol\u00edtica comercial americana?"},"content":{"rendered":"\n<p>No dia 20 de fevereiro de 2026, a Suprema Corte dos Estados Unidos (SCOTUS), por 6 votos a 3, proferiu uma <a href=\"https:\/\/www.supremecourt.gov\/opinions\/25pdf\/24-1287_4gcj.pdf\">decis\u00e3o<\/a> hist\u00f3rica ao invalidar as tarifas globais impostas pelo presidente Donald Trump com base na <em>International Emergency Economic Powers Act<\/em> (<a href=\"https:\/\/www.govtrack.us\/congress\/bills\/95\/hr7738\/text\/enr\">IEEPA<\/a>), de 1977. A Corte concluiu que o Executivo excedeu sua autoridade ao instituir tarifas amplas sem autoriza\u00e7\u00e3o expressa do Congresso.<\/p>\n\n\n\n<p>A decis\u00e3o encerra uma disputa judicial que teve in\u00edcio no come\u00e7o do ano passado, quando as medidas tarif\u00e1rias adotadas pelo governo Trump foram questionadas perante a Corte de Com\u00e9rcio Internacional dos Estados Unidos (<em>U.S. Court of International Trade \u2013 CIT<\/em>). Naquela ocasi\u00e3o, a CIT declarou ilegais as tarifas globais impostas com fundamento na IEEPA. A decis\u00e3o foi mantida pela Corte de Apela\u00e7\u00e3o do Circuito Federal, at\u00e9 que o caso chegou \u00e0 Suprema Corte.<\/p>\n\n\n\n<p>Ao confirmar o entendimento das inst\u00e2ncias inferiores, a SCOTUS consolidou um limite institucional relevante: o termo \u201cregular\u201d importa\u00e7\u00f5es e exporta\u00e7\u00f5es, constante da IEEPA, n\u00e3o confere, de forma expl\u00edcita, o poder ao Presidente de impor tarifas amplas sobre importa\u00e7\u00f5es. Em outras palavras, a Corte reafirmou que a compet\u00eancia constitucional para instituir tributos \u2014 inclusive tarifas de importa\u00e7\u00e3o \u2014 \u00e9 prerrogativa do Congresso, salvo delega\u00e7\u00e3o clara e inequ\u00edvoca.<\/p>\n\n\n\n<h3 class=\"wp-block-heading\"><a><\/a><strong>O alcance jur\u00eddico da decis\u00e3o<\/strong><\/h3>\n\n\n\n<p>A decis\u00e3o tem import\u00e2ncia estrutural para o equil\u00edbrio entre Executivo e Legislativo na pol\u00edtica comercial americana. A IEEPA foi historicamente utilizada como instrumento para bloqueios financeiros, san\u00e7\u00f5es econ\u00f4micas e restri\u00e7\u00f5es a transa\u00e7\u00f5es internacionais em contextos de emerg\u00eancia nacional. No entanto, sua utiliza\u00e7\u00e3o para instituir tarifas globais representava uma expans\u00e3o in\u00e9dita do poder presidencial.<\/p>\n\n\n\n<p>Ao invalidar o \u201ctarifa\u00e7o\u201d, a Suprema Corte enviou uma mensagem clara: emerg\u00eancias econ\u00f4micas n\u00e3o podem ser utilizadas como justificativa gen\u00e9rica para substituir o papel do Congresso na defini\u00e7\u00e3o da pol\u00edtica tarif\u00e1ria estrutural do pa\u00eds.<\/p>\n\n\n\n<p>Com isso, diversos processos judiciais que estavam suspensos aguardando o pronunciamento da Suprema Corte dever\u00e3o agora ser destravados. Empresas e associa\u00e7\u00f5es que questionaram aspectos espec\u00edficos das tarifas baseadas na IEEPA ter\u00e3o a resolu\u00e7\u00e3o dos seus pleitos.<\/p>\n\n\n\n<p>Sem d\u00favida, trata-se da principal derrota judicial do chamado \u201cTrump 2\u201d at\u00e9 o momento. A decis\u00e3o desmantela a base jur\u00eddica que permitia ao presidente alterar tarifas de forma praticamente imediata, instrumento que vinha sendo utilizado como ferramenta de press\u00e3o diplom\u00e1tica e de barganha em negocia\u00e7\u00f5es comerciais.<\/p>\n\n\n\n<h3 class=\"wp-block-heading\"><a><\/a><strong>A rea\u00e7\u00e3o de Trump: recuo estrat\u00e9gico, n\u00e3o abandono<\/strong><\/h3>\n\n\n\n<p>Na tarde do mesmo dia, o presidente Trump concedeu coletiva de imprensa classificando a decis\u00e3o como \u201cvergonhosa\u201d, mas reconheceu que ao menos ela oferecia maior clareza jur\u00eddica sobre os limites da IEEPA. Segundo ele, a decis\u00e3o n\u00e3o retira do Executivo a possibilidade de impor embargos comerciais amplos, mas impede a utiliza\u00e7\u00e3o da IEEPA para criar tarifas.<\/p>\n\n\n\n<p>Ainda assim, Trump deixou claro que sua pol\u00edtica tarif\u00e1ria n\u00e3o seria abandonada. Indicou que passaria a utilizar outros instrumentos legais j\u00e1 existentes no ordenamento americano, especialmente a <a href=\"https:\/\/www.govinfo.gov\/content\/pkg\/COMPS-10384\/pdf\/COMPS-10384.pdf\"><strong>Se\u00e7\u00e3o 122 da Trade Act de 1974 <\/strong>e a<strong> Se\u00e7\u00e3o 301 da Trade Act de 1974<\/strong><\/a><strong>.<\/strong><\/p>\n\n\n\n<p>Na mesma noite, Trump assinou ordens <a href=\"https:\/\/www.whitehouse.gov\/presidential-actions\/2026\/02\/ending-certain-tariff-actions\/\">revogando formalmente as tarifas impostas<\/a> sob a IEEPA e anunciou que, a partir de 24 de fevereiro de 2026, seria <a href=\"https:\/\/www.whitehouse.gov\/presidential-actions\/2026\/02\/imposing-a-temporary-import-surcharge-to-address-fundamental-international-payments-problems\/\">aplicada uma tarifa global de 10% sobre todas as importa\u00e7\u00f5es<\/a>, com exce\u00e7\u00f5es estrat\u00e9gicas \u2014 como produtos essenciais \u00e0s cadeias produtivas americanas (seminanufaturados e terras raras) e bens para os quais os EUA dependem estruturalmente de importa\u00e7\u00f5es (como certos produtos agroalimentares). J\u00e1 no dia seguinte, Trump anunciou que a tarifa n\u00e3o seria mais de 10%, mas <a href=\"https:\/\/noticias.uol.com.br\/internacional\/ultimas-noticias\/2026\/02\/21\/trump-anuncia-que-vai-aumentar-tarifa-global-de-10-para-15.htm#:~:text=O%20presidente%20dos%20Estados%20Unidos%2C%20Donald%20Trump%2C%20anunciou,%C3%A9%20%22legal%20e%20permitida%20pelos%20instrumentos%20jur%C3%ADdicos%20existentes%22.\">de 15%<\/a>.<\/p>\n\n\n\n<p>N\u00e3o houve, portanto, uma escalada institucional contra a Suprema Corte. Houve um reposicionamento jur\u00eddico estrat\u00e9gico: Trump aceitou o limite imposto pelo Judici\u00e1rio e migrou sua pol\u00edtica tarif\u00e1ria para bases legais consideradas mais s\u00f3lidas.<\/p>\n\n\n\n<h3 class=\"wp-block-heading\"><a><\/a><strong>Se\u00e7\u00e3o 122: instrumento emergencial e tempor\u00e1rio<\/strong><\/h3>\n\n\n\n<p>A Se\u00e7\u00e3o 122 permite ao Presidente impor tarifas tempor\u00e1rias de at\u00e9 15% por um per\u00edodo m\u00e1ximo de 150 dias, em caso de problemas s\u00e9rios na balan\u00e7a de pagamentos ou no balan\u00e7o comercial dos EUA. Ap\u00f3s esse per\u00edodo, qualquer extens\u00e3o exige autoriza\u00e7\u00e3o do Congresso.<\/p>\n\n\n\n<p>Isso significa que a nova tarifa global de 10% tem natureza emergencial e tempor\u00e1ria. Para se tornar permanente, depender\u00e1 de aprova\u00e7\u00e3o legislativa \u2014 o que reintroduz o Congresso no centro do debate comercial.<\/p>\n\n\n\n<p>Do ponto de vista jur\u00eddico, a Se\u00e7\u00e3o 122 exige demonstra\u00e7\u00e3o objetiva de excepcionalidade econ\u00f4mica. Diferentemente da IEEPA, cuja no\u00e7\u00e3o de emerg\u00eancia era mais ampla e difusa, a Se\u00e7\u00e3o 122 est\u00e1 ancorada em crit\u00e9rios econ\u00f4micos espec\u00edficos. Isso pode abrir espa\u00e7o para novos questionamentos judiciais, caso se entenda que os pressupostos f\u00e1ticos n\u00e3o estejam devidamente caracterizados.<\/p>\n\n\n\n<h3 class=\"wp-block-heading\"><a><\/a><strong>Se\u00e7\u00e3o 301: o retorno da pol\u00edtica comercial estruturada<\/strong><\/h3>\n\n\n\n<p>Em paralelo, Trump anunciou a abertura de novas investiga\u00e7\u00f5es com base na Se\u00e7\u00e3o 301, instrumento utilizado para responder a pr\u00e1ticas consideradas \u201cinjustas\u201d ou discriminat\u00f3rias por parceiros comerciais.<\/p>\n\n\n\n<p>A Se\u00e7\u00e3o 301 possui procedimento pr\u00f3prio, conduzido pelo USTR (<em>United States Trade Representative<\/em>), com fases de investiga\u00e7\u00e3o, audi\u00eancias p\u00fablicas e possibilidade de consultas diplom\u00e1ticas. Diferentemente da IEEPA, trata-se de mecanismo tradicional de pol\u00edtica comercial, amplamente utilizado ao longo das \u00faltimas d\u00e9cadas \u2014 inclusive contra a China durante o primeiro mandato de Trump.<\/p>\n\n\n\n<p>No caso do Brasil, j\u00e1 havia sido iniciada investiga\u00e7\u00e3o sob a Se\u00e7\u00e3o 301 em meados do ano passado, envolvendo alega\u00e7\u00f5es relacionadas \u00e0 pol\u00edtica ambiental brasileira, ao com\u00e9rcio de etanol, \u00e0 ado\u00e7\u00e3o do PIX, \u00e0 suposta toler\u00e2ncia com com\u00e9rcio informal e \u00e0s tarifas aplicadas pelo Brasil contra produtos americanos.<\/p>\n\n\n\n<p>Caso novas tarifas venham a ser impostas sob a Se\u00e7\u00e3o 301, elas tendem a ser juridicamente mais robustas e politicamente mais duradouras \u2014 e, ao mesmo tempo, mais dif\u00edceis de serem revertidas judicialmente.<\/p>\n\n\n\n<h3 class=\"wp-block-heading\"><a><\/a><strong>Quest\u00f5es pendentes<\/strong><\/h3>\n\n\n\n<p>Apesar da decis\u00e3o clara da Suprema Corte, permanecem diversas incertezas pr\u00e1ticas:<\/p>\n\n\n\n<ol start=\"1\" class=\"wp-block-list\">\n<li><strong>Acordos celebrados sob a vig\u00eancia das tarifas da IEEPA<\/strong>: ser\u00e3o mantidos, renegociados ou anulados?<br><br><\/li>\n\n\n\n<li><strong>Negocia\u00e7\u00f5es bilaterais em andamento<\/strong>, como entre Brasil e EUA: ser\u00e3o redefinidas diante da nova base jur\u00eddica?<br><br><\/li>\n\n\n\n<li><strong>Reembolso de tarifas j\u00e1 recolhidas<\/strong>: haver\u00e1 procedimento administrativo para restitui\u00e7\u00e3o ou os importadores precisar\u00e3o recorrer ao Judici\u00e1rio?<br><br><\/li>\n<\/ol>\n\n\n\n<p>A quest\u00e3o do reembolso \u00e9 especialmente sens\u00edvel. Caso as tarifas sejam consideradas inconstitucionais ou ilegais desde sua origem, importadores podem reivindicar restitui\u00e7\u00e3o. O impacto fiscal potencial \u00e9 elevado e pode gerar nova onda de lit\u00edgios.<\/p>\n\n\n\n<h3 class=\"wp-block-heading\"><a><\/a><strong>Uma nova fase da pol\u00edtica comercial americana<\/strong><\/h3>\n\n\n\n<p>Na pr\u00e1tica, inicia-se uma nova fase da pol\u00edtica tarif\u00e1ria dos EUA. A era da flexibilidade quase instant\u00e2nea proporcionada pela IEEPA parece encerrada. Em seu lugar, surge uma pol\u00edtica comercial que, embora ainda agressiva, estar\u00e1 ancorada em instrumentos legais mais estruturados e processualmente definidos.<\/p>\n\n\n\n<p>Isso pode trazer dois efeitos simult\u00e2neos:<\/p>\n\n\n\n<ul class=\"wp-block-list\">\n<li><strong>Menos imprevisibilidade imediata<\/strong>, pois as mudan\u00e7as exigir\u00e3o procedimentos formais.<br><br><\/li>\n\n\n\n<li><strong>Mais durabilidade das medidas<\/strong>, uma vez que tarifas implementadas sob a Se\u00e7\u00e3o 301 tendem a sobreviver a contesta\u00e7\u00f5es judiciais.<br><br><\/li>\n<\/ul>\n\n\n\n<p>Para o com\u00e9rcio internacional, a turbul\u00eancia est\u00e1 longe de acabar. A reorganiza\u00e7\u00e3o das cadeias globais de valor, a rivalidade tecnol\u00f3gica entre EUA e China e a instrumentaliza\u00e7\u00e3o da pol\u00edtica comercial como ferramenta geopol\u00edtica continuam sendo elementos centrais da economia global.<\/p>\n\n\n\n<h3 class=\"wp-block-heading\"><a><\/a><strong>O papel dos demais pa\u00edses<\/strong><\/h3>\n\n\n\n<p>Diante desse cen\u00e1rio, pa\u00edses com tradi\u00e7\u00e3o diplom\u00e1tica e compromisso com o multilateralismo precisam refor\u00e7ar suas estrat\u00e9gias de diversifica\u00e7\u00e3o comercial.<\/p>\n\n\n\n<p>Iniciativas como o acordo de livre com\u00e9rcio entre Mercosul e Uni\u00e3o Europeia, ou o recente acordo de coopera\u00e7\u00e3o entre Brasil e \u00cdndia, demonstram caminhos alternativos para reduzir a exposi\u00e7\u00e3o a choques unilaterais.<\/p>\n\n\n\n<p>A decis\u00e3o da Suprema Corte n\u00e3o encerra o uso estrat\u00e9gico das tarifas pelos Estados Unidos, mas restabelece um freio institucional importante. O sistema de freios e contrapesos americano mostrou sua capacidade de limitar excessos do Executivo.<\/p>\n\n\n\n<p>Resta saber como o Congresso reagir\u00e1 \u2014 e se assumir\u00e1 papel mais ativo na defini\u00e7\u00e3o de uma pol\u00edtica comercial de longo prazo.<\/p>\n\n\n\n<p>O \u201ctarifa\u00e7o\u201d foi juridicamente contido, mas a disputa geoecon\u00f4mica global permanece. E, ao que tudo indica, ainda veremos muitos cap\u00edtulos dessa hist\u00f3ria.Araguaia\u201d) vs. Brasil, de 2010, e a segunda foi no Caso Herzog vs. Brasil, de 2018.<\/p>\n","protected":false},"excerpt":{"rendered":"<p>No dia 20 de fevereiro de 2026, a Suprema Corte dos Estados Unidos (SCOTUS), por 6 votos a 3, proferiu uma decis\u00e3o hist\u00f3rica ao invalidar as tarifas globais impostas pelo presidente Donald Trump com base na International Emergency Economic Powers Act (IEEPA), de 1977. A Corte concluiu que o Executivo excedeu sua autoridade ao instituir &hellip; <a href=\"https:\/\/ilabrasil.com.br\/blog\/a-suprema-corte-freia-o-tarifaco-de-trump-o-que-muda-na-politica-comercial-americana\/\" class=\"more-link\">Continue lendo<span class=\"screen-reader-text\"> &#8220;A Suprema Corte freia o \u201ctarifa\u00e7o\u201d de Trump: o que muda na pol\u00edtica comercial americana?&#8221;<\/span><\/a><\/p>\n","protected":false},"author":3,"featured_media":2654,"comment_status":"open","ping_status":"open","sticky":false,"template":"","format":"standard","meta":{"footnotes":""},"categories":[9,334,4],"tags":[],"ppma_author":[345,346],"class_list":["post-2653","post","type-post","status-publish","format-standard","has-post-thumbnail","hentry","category-destaque","category-novos","category-posts"],"authors":[{"term_id":345,"user_id":0,"is_guest":1,"slug":"celso-figueiredo","display_name":"Celso Figueiredo","avatar_url":{"url":"https:\/\/ilabrasil.com.br\/blog\/wp-content\/uploads\/2026\/02\/WhatsApp-Image-2026-02-23-at-18.46.52.jpeg","url2x":"https:\/\/ilabrasil.com.br\/blog\/wp-content\/uploads\/2026\/02\/WhatsApp-Image-2026-02-23-at-18.46.52.jpeg"},"author_category":"1","first_name":"Celso","last_name":"Figueiredo","user_url":"","job_title":"","description":"Celso Figueiredo \u00e9 advogado e internacionalista, Doutor em Direito Internacional pela Universidade de S\u00e3o Paulo (USP) e Mestre em Direito Econ\u00f4mico pela Universidade Federal da Para\u00edba (UFPB). \u00c9 s\u00f3cio da \u00e1rea de Direito Internacional do Barral Parente Pinheiro Advogados e professor do MBA de Rela\u00e7\u00f5es Governamentais da Funda\u00e7\u00e3o Get\u00falio Vargas (FGV)."},{"term_id":346,"user_id":0,"is_guest":1,"slug":"gilvan-brogini","display_name":"Gilvan Brogini","avatar_url":{"url":"https:\/\/ilabrasil.com.br\/blog\/wp-content\/uploads\/2026\/02\/WhatsApp-Image-2026-02-23-at-18.47.35.jpeg","url2x":"https:\/\/ilabrasil.com.br\/blog\/wp-content\/uploads\/2026\/02\/WhatsApp-Image-2026-02-23-at-18.47.35.jpeg"},"author_category":"1","first_name":"Gilvan","last_name":"Brogini","user_url":"","job_title":"","description":"Gilvan Brogini \u00e9 advogado, mestre em Direito Internacional pela USP. \u00c9 s\u00f3cio da \u00e1rea de Direito Internacional do Barral Parente Pinheiro Advogados."}],"_links":{"self":[{"href":"https:\/\/ilabrasil.com.br\/blog\/wp-json\/wp\/v2\/posts\/2653","targetHints":{"allow":["GET"]}}],"collection":[{"href":"https:\/\/ilabrasil.com.br\/blog\/wp-json\/wp\/v2\/posts"}],"about":[{"href":"https:\/\/ilabrasil.com.br\/blog\/wp-json\/wp\/v2\/types\/post"}],"author":[{"embeddable":true,"href":"https:\/\/ilabrasil.com.br\/blog\/wp-json\/wp\/v2\/users\/3"}],"replies":[{"embeddable":true,"href":"https:\/\/ilabrasil.com.br\/blog\/wp-json\/wp\/v2\/comments?post=2653"}],"version-history":[{"count":1,"href":"https:\/\/ilabrasil.com.br\/blog\/wp-json\/wp\/v2\/posts\/2653\/revisions"}],"predecessor-version":[{"id":2655,"href":"https:\/\/ilabrasil.com.br\/blog\/wp-json\/wp\/v2\/posts\/2653\/revisions\/2655"}],"wp:featuredmedia":[{"embeddable":true,"href":"https:\/\/ilabrasil.com.br\/blog\/wp-json\/wp\/v2\/media\/2654"}],"wp:attachment":[{"href":"https:\/\/ilabrasil.com.br\/blog\/wp-json\/wp\/v2\/media?parent=2653"}],"wp:term":[{"taxonomy":"category","embeddable":true,"href":"https:\/\/ilabrasil.com.br\/blog\/wp-json\/wp\/v2\/categories?post=2653"},{"taxonomy":"post_tag","embeddable":true,"href":"https:\/\/ilabrasil.com.br\/blog\/wp-json\/wp\/v2\/tags?post=2653"},{"taxonomy":"author","embeddable":true,"href":"https:\/\/ilabrasil.com.br\/blog\/wp-json\/wp\/v2\/ppma_author?post=2653"}],"curies":[{"name":"wp","href":"https:\/\/api.w.org\/{rel}","templated":true}]}}