{"id":2617,"date":"2025-12-06T12:42:31","date_gmt":"2025-12-06T15:42:31","guid":{"rendered":"https:\/\/ilabrasil.com.br\/blog\/?p=2617"},"modified":"2025-12-06T12:42:32","modified_gmt":"2025-12-06T15:42:32","slug":"implementacao-da-transferencia-de-tecnologia-em-materia-de-combate-as-mudancas-climaticas-no-brasil","status":"publish","type":"post","link":"https:\/\/ilabrasil.com.br\/blog\/implementacao-da-transferencia-de-tecnologia-em-materia-de-combate-as-mudancas-climaticas-no-brasil\/","title":{"rendered":"IMPLEMENTA\u00c7\u00c3O DA TRANSFER\u00caNCIA DE TECNOLOGIA EM MAT\u00c9RIA DE COMBATE \u00c0S MUDAN\u00c7AS CLIM\u00c1TICAS NO BRASIL"},"content":{"rendered":"\n<p>A crise clim\u00e1tica contempor\u00e2nea colocou a inova\u00e7\u00e3o tecnol\u00f3gica no centro das estrat\u00e9gias globais para mitiga\u00e7\u00e3o e adapta\u00e7\u00e3o. O desafio n\u00e3o \u00e9 apenas reduzir emiss\u00f5es, mas tamb\u00e9m transformar sistemas produtivos, energ\u00e9ticos e agr\u00edcolas, garantindo ao mesmo tempo resili\u00eancia, justi\u00e7a social e sustentabilidade econ\u00f4mica. Nesse contexto, a <strong>transfer\u00eancia de tecnologia<\/strong> emerge como elemento essencial da coopera\u00e7\u00e3o internacional, prevista desde a <strong>Conven\u00e7\u00e3o-Quadro das Na\u00e7\u00f5es Unidas sobre Mudan\u00e7a do Clima (UNFCCC, 1992)<\/strong> e refor\u00e7ada no <strong>Acordo de Paris (2015)<\/strong>.<\/p>\n\n\n\n<p>O <strong>Artigo 10 do Acordo de Paris<\/strong> consolidou a transfer\u00eancia de tecnologia como pilar da a\u00e7\u00e3o clim\u00e1tica, ao lado da mitiga\u00e7\u00e3o, adapta\u00e7\u00e3o, tranpar\u00eancia e financiamento. Ele estabelece que os pa\u00edses devem compartilhar uma vis\u00e3o de longo prazo sobre a import\u00e2ncia da tecnologia e refor\u00e7ar a coopera\u00e7\u00e3o para seu desenvolvimento e difus\u00e3o, por meio do <strong>Mecanismo de Tecnologia<\/strong> (TEC e CTCN) e do <strong>Mecanismo Financeiro da Conven\u00e7\u00e3o<\/strong> (GEF e GCF). A concretiza\u00e7\u00e3o desse dispositivo, no entanto, depende de processos nacionais de planejamento que traduzam compromissos internacionais em pol\u00edticas p\u00fablicas concretas.<\/p>\n\n\n\n<p>No Brasil, esse esfor\u00e7o se materializou por meio das <strong>Avalia\u00e7\u00f5es de Necessidades Tecnol\u00f3gicas (TNAs)<\/strong> e dos <strong>Planos de A\u00e7\u00e3o Tecnol\u00f3gica (TAPs)<\/strong>. Esses instrumentos constituem a ponte entre o direito internacional clim\u00e1tico e a realidade interna, funcionando como engrenagens que articulam diagn\u00f3stico t\u00e9cnico, desenho de pol\u00edticas, mobiliza\u00e7\u00e3o financeira e capacita\u00e7\u00e3o institucional.<\/p>\n\n\n\n<h2 class=\"wp-block-heading\"><a><\/a><strong>O papel das Avalia\u00e7\u00f5es de Necessidades Tecnol\u00f3gicas (TNAs)<\/strong><\/h2>\n\n\n\n<p>As Avalia\u00e7\u00f5es de Necessidades Tecnol\u00f3gicas (TNAs) foram concebidas no \u00e2mbito da UNFCCC como ferramentas destinadas a identificar as prioridades nacionais em mat\u00e9ria de mitiga\u00e7\u00e3o e adapta\u00e7\u00e3o, oferecendo uma base estruturada para orientar pol\u00edticas e captar financiamento internacional. No Brasil, a primeira rodada da TNA ocorreu entre 2010 e 2013, com apoio do Programa das Na\u00e7\u00f5es Unidas para o Meio Ambiente (PNUMA) e financiamento do Global Environment Facility (GEF). O processo envolveu diagn\u00f3sticos participativos, oficinas regionais, consultas p\u00fablicas e an\u00e1lises t\u00e9cnicas setoriais nos campos de energia, agricultura, florestas e uso da terra (MMA, 2013).<\/p>\n\n\n\n<p>O objetivo central foi mapear tecnologias com maior potencial de impacto, considerando crit\u00e9rios como viabilidade t\u00e9cnica, custo-efetividade, co-benef\u00edcios ambientais e sociais e alinhamento \u00e0s pol\u00edticas de desenvolvimento sustent\u00e1vel. No setor energ\u00e9tico, foram priorizadas a microgera\u00e7\u00e3o solar fotovoltaica, a cogera\u00e7\u00e3o a partir de res\u00edduos s\u00f3lidos urbanos e pequenas turbinas hidr\u00e1ulicas, destacadas pelo seu potencial de replica\u00e7\u00e3o e pela contribui\u00e7\u00e3o \u00e0 descentraliza\u00e7\u00e3o da matriz el\u00e9trica. J\u00e1 no setor de agricultura e florestas, a aten\u00e7\u00e3o recaiu sobre pr\u00e1ticas como sistemas agroflorestais, plantio direto, uso de biofertilizantes e manejo integrado do solo.<\/p>\n\n\n\n<p>O processo metodol\u00f3gico buscou contemplar n\u00e3o apenas o \u201chardware\u201d tecnol\u00f3gico (m\u00e1quinas, equipamentos e infraestrutura), mas tamb\u00e9m o \u201csoftware\u201d (conhecimento, capacita\u00e7\u00e3o t\u00e9cnica) e o \u201corgware\u201d (arranjos institucionais e normativos). Essa abordagem tripartite refor\u00e7ou que a transfer\u00eancia de tecnologia n\u00e3o se restringe ao fornecimento de bens, mas requer a cria\u00e7\u00e3o de um ecossistema institucional que assegure sua ado\u00e7\u00e3o, difus\u00e3o e sustentabilidade.<\/p>\n\n\n\n<p>A segunda rodada da TNA, realizada entre 2015 e 2020, ampliou o escopo das an\u00e1lises, alinhando os diagn\u00f3sticos \u00e0s Contribui\u00e7\u00f5es Nacionalmente Determinadas (NDCs) do Brasil no Acordo de Paris. Nessa fase, destacou-se a formula\u00e7\u00e3o de cen\u00e1rios de transi\u00e7\u00e3o tecnol\u00f3gica, com metas de curto, m\u00e9dio e longo prazo, al\u00e9m de recomenda\u00e7\u00f5es para a supera\u00e7\u00e3o de barreiras regulat\u00f3rias e financeiras. Oficinas regionais de capacita\u00e7\u00e3o foram promovidas em parceria com a coopera\u00e7\u00e3o internacional, sobretudo a Ag\u00eancia Alem\u00e3 de Coopera\u00e7\u00e3o Internacional (GIZ), e serviram para engajar universidades, centros de pesquisa e governos locais (MMA\/GIZ, 2017).<\/p>\n\n\n\n<p>Esse esfor\u00e7o consolidou uma base robusta de informa\u00e7\u00f5es sobre as barreiras estruturais \u00e0 ado\u00e7\u00e3o tecnol\u00f3gica no Brasil, incluindo a fragmenta\u00e7\u00e3o institucional, a insufici\u00eancia de financiamento, a baixa integra\u00e7\u00e3o federativa e a falta de capacita\u00e7\u00e3o t\u00e9cnica em \u00e1reas rurais e perif\u00e9ricas. Assim, as TNAs serviram n\u00e3o apenas como diagn\u00f3sticos t\u00e9cnicos, mas como catalisadores de debate jur\u00eddico e pol\u00edtico sobre o papel da inova\u00e7\u00e3o sustent\u00e1vel no cumprimento dos compromissos clim\u00e1ticos do pa\u00eds.<\/p>\n\n\n\n<h2 class=\"wp-block-heading\"><a><\/a><strong>Os Planos de A\u00e7\u00e3o Tecnol\u00f3gica (TAPs) e sua conex\u00e3o com o Artigo 10 do Acordo de Paris<\/strong><\/h2>\n\n\n\n<p>Os Planos de A\u00e7\u00e3o Tecnol\u00f3gica (TAPs) constituem a principal express\u00e3o pr\u00e1tica das TNAs. A partir das tecnologias priorizadas, os TAPs oferecem roteiros estrat\u00e9gicos que detalham a\u00e7\u00f5es concretas, identificam atores respons\u00e1veis, estimam custos e prop\u00f5em arranjos regulat\u00f3rios e financeiros. No caso brasileiro, os TAPs foram estruturados em conson\u00e2ncia com os objetivos do Artigo 10 do Acordo de Paris, permitindo uma leitura direta da sua implementa\u00e7\u00e3o.<\/p>\n\n\n\n<p>O \u00a7 2\u00ba do Artigo 10 enfatiza a necessidade de fortalecer a a\u00e7\u00e3o cooperativa em mat\u00e9ria de desenvolvimento e transfer\u00eancia de tecnologias. No Brasil, essa diretriz se traduziu na realiza\u00e7\u00e3o de processos participativos de formula\u00e7\u00e3o dos TAPs, envolvendo minist\u00e9rios, governos estaduais, setor privado, universidades e organiza\u00e7\u00f5es internacionais como o PNUMA e o CTCN. Essa intera\u00e7\u00e3o assegurou que os planos n\u00e3o fossem apenas diagn\u00f3sticos t\u00e9cnicos, mas instrumentos de coopera\u00e7\u00e3o multissetorial e multin\u00edvel.<\/p>\n\n\n\n<p>O \u00a7 3\u00ba estabelece que o Mecanismo de Tecnologia da Conven\u00e7\u00e3o dever\u00e1 servir ao Acordo de Paris. Esse mecanismo, composto pelo Comit\u00ea Executivo de Tecnologia (TEC) e pelo Centro e Rede de Tecnologia Clim\u00e1tica (CTCN), teve papel relevante nos TAPs brasileiros. O TEC forneceu diretrizes metodol\u00f3gicas e recomenda\u00e7\u00f5es estrat\u00e9gicas, enquanto o CTCN facilitou a coopera\u00e7\u00e3o internacional e a troca de experi\u00eancias regionais, incluindo a coopera\u00e7\u00e3o Sul-Sul com outros pa\u00edses latino-americanos. Assim, os TAPs funcionaram como canais diretos de operacionaliza\u00e7\u00e3o do Mecanismo de Tecnologia no Brasil.<\/p>\n\n\n\n<p>O \u00a7 5\u00ba, que ressalta a import\u00e2ncia de acelerar e possibilitar a inova\u00e7\u00e3o com apoio do Mecanismo Financeiro, tamb\u00e9m encontra tradu\u00e7\u00e3o nos TAPs. Cada plano setorial brasileiro incluiu propostas de projetos aptos a captar financiamento junto ao GEF e ao Fundo Verde para o Clima (GCF), al\u00e9m de sugerir mecanismos de blended finance e parcerias p\u00fablico-privadas. Essa articula\u00e7\u00e3o buscou transformar diagn\u00f3sticos t\u00e9cnicos em projetos banc\u00e1veis, aptos a mobilizar recursos de m\u00faltiplas fontes e reduzir a percep\u00e7\u00e3o de risco para investidores privados.<\/p>\n\n\n\n<p>Por fim, o \u00a7 6\u00ba, que prev\u00ea apoio financeiro aos pa\u00edses em desenvolvimento, foi materializado nos TAPs por meio da defini\u00e7\u00e3o de estrat\u00e9gias de capta\u00e7\u00e3o de recursos e da institucionaliza\u00e7\u00e3o de pontos focais para intera\u00e7\u00e3o com fundos multilaterais. O financiamento do GEF \u00e0 primeira rodada da TNA no Brasil e a busca de alinhamento com programas como o EUROCLIMA+ exemplificam a tentativa de operacionalizar essa disposi\u00e7\u00e3o. No entanto, a limitada capacidade t\u00e9cnica para formular projetos e a aus\u00eancia de mecanismos jur\u00eddicos de responsabiliza\u00e7\u00e3o internacional ainda restringem a previsibilidade desse apoio.<\/p>\n\n\n\n<p>Dessa forma, os TAPs brasileiros constituem um elo concreto entre o regime clim\u00e1tico internacional e as pol\u00edticas p\u00fablicas nacionais, ao alinhar as normas program\u00e1ticas do Artigo 10 com instrumentos de planejamento e financiamento adaptados ao contexto interno.<\/p>\n\n\n\n<h2 class=\"wp-block-heading\"><a><\/a><strong>TAPs no Brasil: energia, agricultura e florestas<\/strong><\/h2>\n\n\n\n<p>No setor energ\u00e9tico, os TAPs enfatizaram a descentraliza\u00e7\u00e3o da gera\u00e7\u00e3o por meio de fontes renov\u00e1veis. Foram propostas linhas de cr\u00e9dito espec\u00edficas para micro e pequenos produtores, al\u00e9m de recomenda\u00e7\u00f5es regulat\u00f3rias como a simplifica\u00e7\u00e3o do licenciamento ambiental e a introdu\u00e7\u00e3o de tarifas feed-in para energia limpa injetada na rede. Destacou-se tamb\u00e9m a articula\u00e7\u00e3o da pol\u00edtica clim\u00e1tica com programas de eletrifica\u00e7\u00e3o rural, visando ampliar o acesso \u00e0 energia sustent\u00e1vel em \u00e1reas remotas.<\/p>\n\n\n\n<p>No setor de agricultura e florestas, os TAPs priorizaram pr\u00e1ticas integradas de produ\u00e7\u00e3o, como sistemas agroflorestais, integra\u00e7\u00e3o lavoura-pecu\u00e1ria-floresta (ILPF) e uso de biofertilizantes. Recomendaram a incorpora\u00e7\u00e3o de crit\u00e9rios clim\u00e1ticos em linhas de cr\u00e9dito rural como o PRONAF e o Programa ABC+, al\u00e9m da cria\u00e7\u00e3o de fundos setoriais de inova\u00e7\u00e3o agroambiental. Ressaltaram ainda a necessidade de fortalecer a assist\u00eancia t\u00e9cnica e a extens\u00e3o rural como condi\u00e7\u00f5es para a ado\u00e7\u00e3o das tecnologias.<\/p>\n\n\n\n<p>Apesar desses avan\u00e7os, a execu\u00e7\u00e3o dos TAPs enfrenta barreiras significativas. O financiamento \u00e9 insuficiente e fragmentado, sem uma estrat\u00e9gia nacional de longo prazo para inova\u00e7\u00e3o clim\u00e1tica (MMA\/GIZ, 2017). A integra\u00e7\u00e3o federativa \u00e9 fr\u00e1gil, marcada pela rotatividade de equipes t\u00e9cnicas e pela falta de coordena\u00e7\u00e3o entre Uni\u00e3o, estados e munic\u00edpios (Boletim Ci\u00eancia &amp; Clima, 2021). O setor privado, embora reconhecido como ator central, ainda participa de forma t\u00edmida, devido \u00e0 percep\u00e7\u00e3o de risco elevado e \u00e0 aus\u00eancia de mecanismos regulat\u00f3rios que equilibrem risco e retorno.<\/p>\n\n\n\n<p>Do ponto de vista jur\u00eddico, a principal limita\u00e7\u00e3o reside na aus\u00eancia de um marco normativo que incorpore os TAPs ao ordenamento interno, conferindo-lhes for\u00e7a vinculante e previs\u00e3o or\u00e7ament\u00e1ria obrigat\u00f3ria. At\u00e9 o momento, os TAPs n\u00e3o foram institucionalizados como pol\u00edticas de Estado, permanecendo dependentes da vontade pol\u00edtica conjuntural e de recursos externos espor\u00e1dicos.<\/p>\n\n\n\n<h2 class=\"wp-block-heading\"><a><\/a><strong>Conclus\u00e3o: Perspectivas para a Transfer\u00eancia de Tecnologia no Brasil<\/strong><\/h2>\n\n\n\n<p>A experi\u00eancia brasileira com as TNAs e TAPs demonstra avan\u00e7os institucionais relevantes, sobretudo na constru\u00e7\u00e3o de diagn\u00f3sticos t\u00e9cnicos e na formula\u00e7\u00e3o de planos estruturados. O pa\u00eds conseguiu alinhar prioridades nacionais \u00e0s diretrizes do Artigo 10 do Acordo de Paris, integrando aspectos de coopera\u00e7\u00e3o, inova\u00e7\u00e3o e financiamento. No entanto, persiste um descompasso entre planejamento e execu\u00e7\u00e3o, agravado por entraves financeiros, federativos, regulat\u00f3rios e jur\u00eddicos.<\/p>\n\n\n\n<p>Para superar essas limita\u00e7\u00f5es, torna-se imprescind\u00edvel avan\u00e7ar em tr\u00eas frentes principais. Em primeiro lugar, a cria\u00e7\u00e3o de um marco normativo espec\u00edfico para inova\u00e7\u00e3o clim\u00e1tica, que incorpore os TAPs como diretrizes obrigat\u00f3rias de pol\u00edticas p\u00fablicas e assegure fontes est\u00e1veis de financiamento. Em segundo lugar, o fortalecimento da articula\u00e7\u00e3o federativa e da governan\u00e7a interinstitucional, de modo a garantir continuidade e coordena\u00e7\u00e3o na execu\u00e7\u00e3o dos planos. Por fim, a amplia\u00e7\u00e3o da participa\u00e7\u00e3o do setor privado, por meio de mecanismos regulat\u00f3rios que reduzam riscos e incentivem investimentos em tecnologias limpas.<\/p>\n\n\n\n<p>No plano internacional, a cria\u00e7\u00e3o do Novo Objetivo Coletivo Quantificado (NCQG) representa uma oportunidade crucial para corrigir assimetrias no financiamento clim\u00e1tico. Se dotado de metas claras e car\u00e1ter vinculante, o NCQG poder\u00e1 oferecer previsibilidade aos fluxos de recursos e ampliar a capacidade do Brasil de transformar compromissos abstratos em projetos concretos.<\/p>\n\n\n\n<p>Assim, a efetividade da transfer\u00eancia de tecnologia no Brasil depender\u00e1 n\u00e3o apenas da qualidade t\u00e9cnica das TNAs e TAPs, j\u00e1 consolidadas como boas pr\u00e1ticas, mas da capacidade de o pa\u00eds institucionalizar juridicamente esses instrumentos, fortalecer sua articula\u00e7\u00e3o federativa e assegurar financiamento est\u00e1vel e previs\u00edvel. S\u00f3 assim ser\u00e1 poss\u00edvel garantir que a transfer\u00eancia tecnol\u00f3gica se converta em vetor de desenvolvimento sustent\u00e1vel, justi\u00e7a clim\u00e1tica e protagonismo internacional do Brasil no enfrentamento da crise clim\u00e1tica.<\/p>\n\n\n\n<p>Em s\u00edntese, os TAPs materializam o <strong>Artigo 10 do Acordo de Paris<\/strong> no Brasil. Eles articulam diagn\u00f3stico, coopera\u00e7\u00e3o, financiamento e execu\u00e7\u00e3o, transformando normas program\u00e1ticas do direito internacional em pol\u00edticas p\u00fablicas potenciais. Sua plena implementa\u00e7\u00e3o, no entanto, depende da capacidade do pa\u00eds em converter planos t\u00e9cnicos em compromissos jur\u00eddicos e financeiros duradouros.<\/p>\n\n\n\n<p><\/p>\n","protected":false},"excerpt":{"rendered":"<p>A crise clim\u00e1tica contempor\u00e2nea colocou a inova\u00e7\u00e3o tecnol\u00f3gica no centro das estrat\u00e9gias globais para mitiga\u00e7\u00e3o e adapta\u00e7\u00e3o. O desafio n\u00e3o \u00e9 apenas reduzir emiss\u00f5es, mas tamb\u00e9m transformar sistemas produtivos, energ\u00e9ticos e agr\u00edcolas, garantindo ao mesmo tempo resili\u00eancia, justi\u00e7a social e sustentabilidade econ\u00f4mica. Nesse contexto, a transfer\u00eancia de tecnologia emerge como elemento essencial da coopera\u00e7\u00e3o internacional, &hellip; <a href=\"https:\/\/ilabrasil.com.br\/blog\/implementacao-da-transferencia-de-tecnologia-em-materia-de-combate-as-mudancas-climaticas-no-brasil\/\" class=\"more-link\">Continue lendo<span class=\"screen-reader-text\"> &#8220;IMPLEMENTA\u00c7\u00c3O DA TRANSFER\u00caNCIA DE TECNOLOGIA EM MAT\u00c9RIA DE COMBATE \u00c0S MUDAN\u00c7AS CLIM\u00c1TICAS NO BRASIL&#8221;<\/span><\/a><\/p>\n","protected":false},"author":3,"featured_media":2612,"comment_status":"open","ping_status":"open","sticky":false,"template":"","format":"standard","meta":{"footnotes":""},"categories":[9,334,4,5],"tags":[],"ppma_author":[341],"class_list":["post-2617","post","type-post","status-publish","format-standard","has-post-thumbnail","hentry","category-destaque","category-novos","category-posts","category-research-symposia"],"authors":[{"term_id":341,"user_id":0,"is_guest":1,"slug":"jahyr-philippe-bichara","display_name":"Jahyr-Philippe Bichara","avatar_url":{"url":"https:\/\/ilabrasil.com.br\/blog\/wp-content\/uploads\/2025\/12\/bicharaq.png","url2x":"https:\/\/ilabrasil.com.br\/blog\/wp-content\/uploads\/2025\/12\/bicharaq.png"},"author_category":"1","first_name":"Jahyr-Philippe","last_name":"Bichara","user_url":"","job_title":"","description":"Professor Titular de Direito Internacional do Curso de Direito e do Programa de P\u00f3s-Gradua\u00e7\u00e3o em Direito da Universidade Federal do Rio Grande do Norte - UFRN. Doutor, <em>summa cum laude<\/em>, pela \u00c9cole Doctorale de Droit International et Europ\u00e9en da Universit\u00e9 Paris I, Panth\u00e9on-Sorbonne; Coordenador do Grupo de Pesquisa \u201cDireito Internacional e Soberania do Estado brasileiro\u201d (CNPq)."}],"_links":{"self":[{"href":"https:\/\/ilabrasil.com.br\/blog\/wp-json\/wp\/v2\/posts\/2617","targetHints":{"allow":["GET"]}}],"collection":[{"href":"https:\/\/ilabrasil.com.br\/blog\/wp-json\/wp\/v2\/posts"}],"about":[{"href":"https:\/\/ilabrasil.com.br\/blog\/wp-json\/wp\/v2\/types\/post"}],"author":[{"embeddable":true,"href":"https:\/\/ilabrasil.com.br\/blog\/wp-json\/wp\/v2\/users\/3"}],"replies":[{"embeddable":true,"href":"https:\/\/ilabrasil.com.br\/blog\/wp-json\/wp\/v2\/comments?post=2617"}],"version-history":[{"count":1,"href":"https:\/\/ilabrasil.com.br\/blog\/wp-json\/wp\/v2\/posts\/2617\/revisions"}],"predecessor-version":[{"id":2620,"href":"https:\/\/ilabrasil.com.br\/blog\/wp-json\/wp\/v2\/posts\/2617\/revisions\/2620"}],"wp:featuredmedia":[{"embeddable":true,"href":"https:\/\/ilabrasil.com.br\/blog\/wp-json\/wp\/v2\/media\/2612"}],"wp:attachment":[{"href":"https:\/\/ilabrasil.com.br\/blog\/wp-json\/wp\/v2\/media?parent=2617"}],"wp:term":[{"taxonomy":"category","embeddable":true,"href":"https:\/\/ilabrasil.com.br\/blog\/wp-json\/wp\/v2\/categories?post=2617"},{"taxonomy":"post_tag","embeddable":true,"href":"https:\/\/ilabrasil.com.br\/blog\/wp-json\/wp\/v2\/tags?post=2617"},{"taxonomy":"author","embeddable":true,"href":"https:\/\/ilabrasil.com.br\/blog\/wp-json\/wp\/v2\/ppma_author?post=2617"}],"curies":[{"name":"wp","href":"https:\/\/api.w.org\/{rel}","templated":true}]}}