{"id":2460,"date":"2024-10-22T18:07:07","date_gmt":"2024-10-22T21:07:07","guid":{"rendered":"https:\/\/ilabrasil.com.br\/blog\/?p=2460"},"modified":"2024-10-22T18:07:24","modified_gmt":"2024-10-22T21:07:24","slug":"reestruturacao-da-governanca-financeira-global-sob-a-lideranca-do-brasil-no-g20","status":"publish","type":"post","link":"https:\/\/ilabrasil.com.br\/blog\/reestruturacao-da-governanca-financeira-global-sob-a-lideranca-do-brasil-no-g20\/","title":{"rendered":"Reestrutura\u00e7\u00e3o da governan\u00e7a financeira global sob a lideran\u00e7a do Brasil no G20"},"content":{"rendered":"\n<p>Em 2024, o Brasil assumiu a presid\u00eancia rotativa do G20, grupo composto pelos dezenove pa\u00edses das maiores economias do mundo[1], al\u00e9m da Uni\u00e3o Africana e a Uni\u00e3o Europeia. Trata-se, entre outros aspectos, de uma oportunidade e responsabilidade para o Brasil liderar a agenda global referente \u00e0 reforma e desenvolvimento do sistema financeiro internacional.<\/p>\n\n\n\n<p>A reforma da governan\u00e7a do sistema financeiro internacional \u00e9 uma das prioridades para a presid\u00eancia do G20 pelo Brasil, compondo um dos eixos tem\u00e1ticos do grupo neste ano de 2024. Em janeiro deste ano, o Grupo de Trabalho sobre Arquitetura Financeira Internacional entendeu que <a href=\"https:\/\/www.g20.org\/pt-br\/noticias\/grupo-de-trabalho-sobre-arquitetura-financeira-internacional-faz-primeira-reuniao-e-debate-desafios-e-prioridades-globais\">a busca por uma arquitetura financeira mais eficaz e representativa deve ser o aspecto dominante nas propostas a serem apresentadas pelo Grupo<\/a>. Entretanto, no \u00e2mbito do G20 propriamente, n\u00e3o foi disponibilizado ainda material com estrat\u00e9gias ou t\u00e1ticas mais claras para dar conta dessa agenda.<\/p>\n\n\n\n<p>O presente texto contribui lan\u00e7ando luz sobre desafios que a discuss\u00e3o do tema tem enfrentado no \u00e2mbito do G20 e resgatando algumas iniciativas relacionadas \u00e0 reforma do sistema internacional nos \u00faltimos anos, que podem inspirar a agenda daqui para frente.<\/p>\n\n\n\n<p><strong>A reforma do sistema financeiro internacional: uma discuss\u00e3o em andamento<\/strong><\/p>\n\n\n\n<p>O tema da reforma do sistema financeiro internacional n\u00e3o \u00e9 novo na agenda do G20, tendo aparecido mais pronunciadamente na <a href=\"https:\/\/www.imf.org\/external\/np\/sec\/pr\/2009\/pdf\/g20_040209.pdf\">declara\u00e7\u00e3o do G20 de 2009<\/a>, ocorrido em Londres. Cabe mencionar que o grupo havia se consolidado como um grupo em n\u00edvel de c\u00fapula de chefias de Estado apenas na reuni\u00e3o de 2008, em Pittsburgh, na sequ\u00eancia da eclos\u00e3o da Crise Financeira Global (CFG).<\/p>\n\n\n\n<p>Nesse contexto, as discuss\u00f5es de 2009 influenciaram principalmente (i) <a href=\"https:\/\/www.imf.org\/external\/np\/pp\/eng\/2012\/062812.pdf\">a revis\u00e3o da f\u00f3rmula de defini\u00e7\u00e3o de quotas do Fundo Monet\u00e1rio Internacional (FMI), de 2013<\/a>, que teve por base os acordos de reforma de quotas e de governan\u00e7a de 2010 e que visou produzir uma f\u00f3rmula que melhor refletisse o peso das posi\u00e7\u00f5es relativas dos membros do FMI na economia global nas distribui\u00e7\u00e3o de cotas da institui\u00e7\u00e3o, que representam poder de voto e (ii) a <a href=\"https:\/\/www.worldbank.org\/en\/news\/press-release\/2010\/04\/25\/world-bank-reforms-voting-power-gets-86-billion-boost\">reforma no poder de voto no Banco Mundial, em 2010<\/a>.<\/p>\n\n\n\n<p>Na \u00faltima d\u00e9cada e meia, esse esp\u00edrito reformador n\u00e3o avan\u00e7ou muito, mas isso n\u00e3o significa que o ambiente do setor financeiro internacional tenha ficado menos desafiador.&nbsp;<\/p>\n\n\n\n<p>Nesse per\u00edodo, consolidou-se um incremento do cr\u00e9dito a partir da China e revers\u00f5es consider\u00e1veis nas din\u00e2micas das taxas de juros no mundo todo no sentido de seu incremento, pressionadas recentemente pelas crises causadas pela ado\u00e7\u00e3o de medidas necess\u00e1rias ao enfrentamento da pandemia de Covid-19 e pelo conflito na Ucr\u00e2nia. Esse cen\u00e1rio tem gerado preocupa\u00e7\u00e3o quanto \u00e0 solv\u00eancia de pa\u00edses deficit\u00e1rios e em desenvolvimento, inclusive quanto ao acesso desses pa\u00edses a linhas de cr\u00e9dito para rolar suas d\u00edvidas.<\/p>\n\n\n\n<p>Nesse sentido, ao proporem uma agenda para a presid\u00eancia indiana no G20 no ano de 2023, <a href=\"https:\/\/www.project-syndicate.org\/commentary\/financial-agenda-for-india-g20-presidency-by-barry-eichengreen-and-poonam-gupta-2-2022-12\">Eichengreen e Gupta (2022)<\/a> chamaram aten\u00e7\u00e3o para tend\u00eancias da finan\u00e7a global, e recomendaram incentivar o incremento de linhas de <em>swap<\/em> entre autoridades monet\u00e1rias, para evitar situa\u00e7\u00f5es de insolv\u00eancia em raz\u00e3o da menor liquidez do mercado. Igualmente, pode-se mencionar, por exemplo, a discuss\u00e3o sobre o risco de superendividamento (<em>surendettement<\/em>) de pa\u00edses pobres na recente <a href=\"https:\/\/www.diplomatie.gouv.fr\/fr\/politique-etrangere-de-la-france\/developpement\/evenements-et-actualites-sur-le-theme-du-developpement\/evenements-et-actualites-sur-le-theme-du-developpement-2023\/article\/la-france-plaide-pour-l-adoption-d-un-nouveau-pacte-financier-mondial-22-23-06\">C\u00fapula por um Novo Pacto Financeiro Global<\/a>, iniciativa do governo franc\u00eas ocorrida entre os dias 22 e 23 de junho de 2023[2].<\/p>\n\n\n\n<p>O retorno do tema \u00e0s prioridades do G20 neste ano de presid\u00eancia rotativa do Brasil tem como pano de fundo essas quest\u00f5es.<\/p>\n\n\n\n<p><strong>O avan\u00e7o descentralizado da agenda<\/strong><\/p>\n\n\n\n<p>Com efeito, os f\u00f3runs multilaterais de c\u00fapula t\u00eam oferecido resultados limitados em rela\u00e7\u00e3o \u00e0 reforma do sistema financeiro internacional desde o come\u00e7o da d\u00e9cada de 2010. No entanto, a agenda do G20 pode tirar proveito da an\u00e1lise de uma s\u00e9rie de iniciativas descentralizadas, que t\u00eam surgido no \u00e2mbito dos mercados internacionais no per\u00edodo recente.<\/p>\n\n\n\n<p>S\u00e3o iniciativas que ajudam a prover liquidez ao sistema financeiro, reduzindo o risco de insolv\u00eancia de pa\u00edses. De maneira geral, pode-se categorizar essas iniciativas em dois grupos:<\/p>\n\n\n\n<p>H\u00e1, por um lado, <em>estrat\u00e9gias calcadas na institucionaliza\u00e7\u00e3o de organiza\u00e7\u00f5es plurilaterais<\/em> que mimetizam e concorrem com as tradicionais Institui\u00e7\u00f5es Financeiras Internacionais (IFIs) fundadas a partir contexto das Confer\u00eancias de Bretton Woods, em 1944, ou seja, o FMI e as institui\u00e7\u00f5es que comp\u00f5em o Grupo Banco Mundial. Cabe, nesse sentido, mencionar, por exemplo, o Novo Banco de Desenvolvimento (NDB) e o Arranjo Contingente de Reservas (CRA), estruturados no \u00e2mbito dos BRICS a partir de sua <a href=\"https:\/\/www.gov.br\/mre\/pt-br\/canais_atendimento\/imprensa\/notas-a-imprensa\/vi-cupula-brics-declaracao-de-fortaleza-15-de-julho-de-2014\">VI C\u00fapula ocorrida em Fortaleza, em 2014<\/a>, bem como outras iniciativas de cria\u00e7\u00e3o, na \u00faltima d\u00e9cada e meia, de organiza\u00e7\u00f5es internacionais, como o Banco Asi\u00e1tico de Investimento em Infraestrutura (AIIB), nas quais h\u00e1 constante presen\u00e7a de pa\u00edses do G20.<\/p>\n\n\n\n<p>Nesse \u00e2mbito, \u00e9 preciso destacar que a agenda dessas institui\u00e7\u00f5es j\u00e1 avan\u00e7a para iniciativas de articula\u00e7\u00e3o, que pretendem influenciar as discuss\u00f5es tidas no G20, invertendo a din\u00e2mica que sucedeu a eclos\u00e3o da CFG.<\/p>\n\n\n\n<p>Nesse sentido, no contexto de um retiro de l\u00edderes de bancos de desenvolvimento no final de abril de 2024, houve a edi\u00e7\u00e3o de uma <a href=\"https:\/\/iadb-ezshare-prod.s3.amazonaws.com\/IDBDocsPublic\/EZIDB0000577-986313001-135?AWSAccessKeyId=AKIA2UJKEGX4TE54XIGR&amp;Expires=1726951362&amp;response-cache-control=No-cache&amp;response-content-disposition=inline%253B%2520filename%253DHeads%2520of%2520MDBs%2520Viewpoint%2520Note%2520-%252020%2520April%25202024.pdf&amp;response-content-type=application%252Fpdf&amp;Signature=7hy8MeSbuMPYe2u0YZMlCweICNo%253D\">Nota de Ponto de Vista<\/a> anunciando medidas conjuntas para trabalhar de forma mais eficaz como um sistema e aumentar o impacto e a escala de sua atua\u00e7\u00e3o. O documento foi assinado pelos l\u00edderes do Grupo Banco Mundial, NDB, AIIB e de um conjunto de outras institui\u00e7\u00f5es[3]. A Nota trata de resultados e perspectivas em dimens\u00f5es relacionadas ao incremento da capacidade de financiamento por parte das institui\u00e7\u00f5es signat\u00e1rias, impulso a a\u00e7\u00f5es voltadas \u00e0s mudan\u00e7as clim\u00e1ticas, fortalecimento da colabora\u00e7\u00e3o em projetos no n\u00edvel dos pa\u00edses, mobiliza\u00e7\u00e3o de investimentos privados e melhoria da efetividade e do impacto dos projetos para o desenvolvimento. Ela \u00e9 apresentada como desdobramento da <a href=\"https:\/\/www.worldbank.org\/en\/news\/statement\/2023\/10\/13\/statement-of-the-heads-of-multilateral-development-banks-group-strengthening-our-collaboration-for-greater-impact\">declara\u00e7\u00e3o<\/a> conjunta feita pelo grupo em 2023, voltando-se tamb\u00e9m a fornecer insumos para as discuss\u00f5es sobre bancos de desenvolvimento no \u00e2mbito da pr\u00f3pria presid\u00eancia brasileira do G20 e em outros f\u00f3runs de pol\u00edtica globais.<\/p>\n\n\n\n<p>Em junho, o Grupo de Trabalho sobre Arquitetura Financeira Internacional do G20 anunciou ter avan\u00e7ado no consenso para reforma dos bancos de desenvolvimento e para a inclus\u00e3o dos pa\u00edses devedores nas discuss\u00f5es sobre a d\u00edvida externa.<\/p>\n\n\n\n<p>Por outro lado, para al\u00e9m da cria\u00e7\u00e3o de organiza\u00e7\u00f5es internacionais, h\u00e1 outras<em> estrat\u00e9gias que se afirmam na forma de iniciativas bilaterais<\/em>, que envolvem, por exemplo, a celebra\u00e7\u00e3o de acordos sobre linhas de <em>swap<\/em> entre autoridades monet\u00e1rias, cujo volume de utiliza\u00e7\u00e3o foram incrementados ap\u00f3s a CFG (<a href=\"https:\/\/doi.org\/10.1093\/cje\/bead027\">Richtmann; Steininger, 2023<\/a>); o recente <a href=\"https:\/\/www.worldbank.org\/en\/news\/factsheet\/2023\/06\/22\/comprehensive-toolkit-to-support-countries-after-natural-disasters\">an\u00fancio<\/a>, por parte do Banco Mundial, de hip\u00f3teses de suspens\u00e3o de obriga\u00e7\u00f5es financeiras de pa\u00edses em situa\u00e7\u00e3o de crise, representando uma nova tend\u00eancia de contratualiza\u00e7\u00e3o de condi\u00e7\u00f5es para suspens\u00e3o de obriga\u00e7\u00f5es ligadas \u00e0 d\u00edvida internacional, envolvendo tamb\u00e9m pa\u00edses do G20; bem como os acordos para reduzir a necessidade de aquisi\u00e7\u00e3o de D\u00f3lares como moeda internacional de reserva especialmente para o com\u00e9rcio internacional, a exemplo do Sistema de Pagamentos em Moeda Local (SML), envolvendo Brasil e Argentina, e os acordos que a China tem celebrado para liquidar transa\u00e7\u00f5es comerciais em Renminbi. Esse conjunto de iniciativas bilaterais celebrados por Estados entre si e entre Estados e organiza\u00e7\u00f5es internacionais, evoca para o sistema financeiro internacional uma imagem que recorda a tigela de espaguete (<em>spaghetti bowl<\/em>), familiar \u00e0 literatura de com\u00e9rcio internacional desde o trabalho de <a href=\"https:\/\/doi.org\/10.7916\/D8CN7BFM\">Bhagwati (1995)<\/a>.<\/p>\n\n\n\n<p>N\u00e3o se ignora que cada uma dessas estrat\u00e9gias possa ter tamb\u00e9m um sentido de busca por consolida\u00e7\u00e3o de uma zona de influ\u00eancia no sistema financeiro internacional, especialmente em um contexto de tensionamento entre China e Estados Unidos, mas o Brasil precisa entender esse conjunto de iniciativas a partir de uma perspectiva consolidada, se quiser aproveitar sua presid\u00eancia no G20 para apontar uma agenda efetiva de reforma do sistema financeiro internacional. Ainda que haja pontos de sobreposi\u00e7\u00e3o e atrito entre elas, todas s\u00e3o parte de um mesmo fen\u00f4meno, derivado da demanda por liquidez no sistema financeiro internacional em um contexto desafiador.<\/p>\n\n\n\n<p><strong>Conclus\u00f5es<\/strong><\/p>\n\n\n\n<p>Diante do exposto, entende-se que as discuss\u00f5es que dever\u00e3o ser realizadas no G20 ganhariam ao incorporar considera\u00e7\u00f5es sobre as limita\u00e7\u00f5es da discuss\u00e3o sobre a reforma do sistema financeiro internacional no \u00e2mbito do G20 no per\u00edodo recente e a forma como iniciativas descentralizadas t\u00eam buscado dar conta das necessidades globais de liquidez. Por enquanto, a documenta\u00e7\u00e3o e materiais tornados p\u00fablicos em rela\u00e7\u00e3o \u00e0 primeira reuni\u00e3o do Grupo de Trabalho sobre Arquitetura Financeira Internacional revelaram pouco sobre o conte\u00fado das discuss\u00f5es, bem como sobre seu sentido estrat\u00e9gico ou t\u00e1tico.<\/p>\n\n\n\n<p>A sistematiza\u00e7\u00e3o das iniciativas de reforma do sistema financeiro internacional que t\u00eam surgido de maneira descentralizada, na forma da celebra\u00e7\u00e3o de acordos bilaterais ou da cria\u00e7\u00e3o de institui\u00e7\u00f5es internacionais, pode servir como primeiro passo para a proposi\u00e7\u00e3o de uma agenda efetiva de reformas. Cumpre notar que essas iniciativas s\u00e3o produto de um mesmo contexto e est\u00e3o estreitamente inter-relacionadas, cabendo sua integra\u00e7\u00e3o em um programa de orienta\u00e7\u00e3o pol\u00edtica em n\u00edvel internacional.<\/p>\n\n\n\n<hr class=\"wp-block-separator has-alpha-channel-opacity\"\/>\n\n\n\n<p>[1] \u00c1frica do Sul, Alemanha, Ar\u00e1bia Saudita, Argentina, Austr\u00e1lia, Brasil, Canad\u00e1, China, Coreia do Sul, Estados Unidos da Am\u00e9rica, Fran\u00e7a, \u00cdndia, Indon\u00e9sia, It\u00e1lia, Jap\u00e3o, M\u00e9xico, Reino Unido, R\u00fassia e Turquia.<\/p>\n\n\n\n<p>[2] Vale notar, no entanto, que esse tema n\u00e3o recebeu o mesmo destaque na <a href=\"https:\/\/www.elysee.fr\/emmanuel-macron\/2023\/06\/23\/lagenda-de-paris-pour-les-peuples-et-la-planete\">agenda<\/a> trazida pelo Pal\u00e1cio do Eliseu ao final das reuni\u00f5es que compuseram a C\u00fapula.<\/p>\n\n\n\n<p>[3] Eram elas o Banco Africano de Desenvolvimento (AfDB), Banco Asi\u00e1tico de Desenvolvimento (ADB), Banco de Desenvolvimento do Conselho da Europa (CEB), Banco Europeu para Reconstru\u00e7\u00e3o e Desenvolvimento (EBRD), Banco Europeu de Investimento (EIB), Banco Interamericano de Desenvolvimento (BID) e Banco Isl\u00e2mico de Desenvolvimento (IsDB).<\/p>\n\n\n\n<hr class=\"wp-block-separator has-alpha-channel-opacity\"\/>\n\n\n\n<p><strong>REFER\u00caNCIAS<\/strong><\/p>\n\n\n\n<p>BHAGWATI, Jagdish. <strong>US Trade Policy:<\/strong> The Infatuation with FTAs. Discussion Paper Series No. 726. Nova Iorque: Universidade de Columbia. 1995.<\/p>\n\n\n\n<p>EICHENGREEN, Barry; GUPTA, Poonam. A Financial Agenda for India\u2019s G20 Presidency. <strong>Project Syndicate<\/strong>. 2022.<\/p>\n\n\n\n<p>RICHTMANN, Mathis; STEININGER, Lea. From bazooka to backstop: the political economy of standing swap facilities. <strong>Cambridge Journal of Economics<\/strong>, Cambridge, v. 47, n. 4, p. 681-702, 2023.<\/p>\n","protected":false},"excerpt":{"rendered":"<p>Em 2024, o Brasil assumiu a presid\u00eancia rotativa do G20, grupo composto pelos dezenove pa\u00edses das maiores economias do mundo[1], al\u00e9m da Uni\u00e3o Africana e a Uni\u00e3o Europeia. Trata-se, entre outros aspectos, de uma oportunidade e responsabilidade para o Brasil liderar a agenda global referente \u00e0 reforma e desenvolvimento do sistema financeiro internacional. A reforma &hellip; <a href=\"https:\/\/ilabrasil.com.br\/blog\/reestruturacao-da-governanca-financeira-global-sob-a-lideranca-do-brasil-no-g20\/\" class=\"more-link\">Continue lendo<span class=\"screen-reader-text\"> &#8220;Reestrutura\u00e7\u00e3o da governan\u00e7a financeira global sob a lideran\u00e7a do Brasil no G20&#8221;<\/span><\/a><\/p>\n","protected":false},"author":1,"featured_media":2464,"comment_status":"open","ping_status":"open","sticky":false,"template":"","format":"standard","meta":{"footnotes":""},"categories":[9,5],"tags":[],"ppma_author":[328],"class_list":["post-2460","post","type-post","status-publish","format-standard","has-post-thumbnail","hentry","category-destaque","category-research-symposia"],"authors":[{"term_id":328,"user_id":0,"is_guest":1,"slug":"gustavo-jorge-silva","display_name":"Gustavo Jorge Silva","avatar_url":{"url":"https:\/\/ilabrasil.com.br\/blog\/wp-content\/uploads\/2024\/10\/WhatsApp-Image-2024-10-21-at-03.04.41.jpeg","url2x":"https:\/\/ilabrasil.com.br\/blog\/wp-content\/uploads\/2024\/10\/WhatsApp-Image-2024-10-21-at-03.04.41.jpeg"},"author_category":"","first_name":"","last_name":"","user_url":"","job_title":"","description":"Doutor e Mestre em Direito Econ\u00f4mico e Financeiro pela Faculdade de Direito da Universidade de S\u00e3o Paulo. Bacharel em Direito pela mesma institui\u00e7\u00e3o, com per\u00edodo de estudos na Universidade de Lucerna (Su\u00ed\u00e7a). P\u00f3s-Graduado em Administra\u00e7\u00e3o P\u00fablica no S\u00e9culo XXI pela Escola de Administra\u00e7\u00e3o da Universidade Federal do Rio Grande do Sul. Advogado e membro da carreira de Analista de Pol\u00edticas P\u00fablicas e Gest\u00e3o Governamental da Prefeitura do Munic\u00edpio de S\u00e3o Paulo."}],"_links":{"self":[{"href":"https:\/\/ilabrasil.com.br\/blog\/wp-json\/wp\/v2\/posts\/2460","targetHints":{"allow":["GET"]}}],"collection":[{"href":"https:\/\/ilabrasil.com.br\/blog\/wp-json\/wp\/v2\/posts"}],"about":[{"href":"https:\/\/ilabrasil.com.br\/blog\/wp-json\/wp\/v2\/types\/post"}],"author":[{"embeddable":true,"href":"https:\/\/ilabrasil.com.br\/blog\/wp-json\/wp\/v2\/users\/1"}],"replies":[{"embeddable":true,"href":"https:\/\/ilabrasil.com.br\/blog\/wp-json\/wp\/v2\/comments?post=2460"}],"version-history":[{"count":1,"href":"https:\/\/ilabrasil.com.br\/blog\/wp-json\/wp\/v2\/posts\/2460\/revisions"}],"predecessor-version":[{"id":2462,"href":"https:\/\/ilabrasil.com.br\/blog\/wp-json\/wp\/v2\/posts\/2460\/revisions\/2462"}],"wp:featuredmedia":[{"embeddable":true,"href":"https:\/\/ilabrasil.com.br\/blog\/wp-json\/wp\/v2\/media\/2464"}],"wp:attachment":[{"href":"https:\/\/ilabrasil.com.br\/blog\/wp-json\/wp\/v2\/media?parent=2460"}],"wp:term":[{"taxonomy":"category","embeddable":true,"href":"https:\/\/ilabrasil.com.br\/blog\/wp-json\/wp\/v2\/categories?post=2460"},{"taxonomy":"post_tag","embeddable":true,"href":"https:\/\/ilabrasil.com.br\/blog\/wp-json\/wp\/v2\/tags?post=2460"},{"taxonomy":"author","embeddable":true,"href":"https:\/\/ilabrasil.com.br\/blog\/wp-json\/wp\/v2\/ppma_author?post=2460"}],"curies":[{"name":"wp","href":"https:\/\/api.w.org\/{rel}","templated":true}]}}