{"id":2434,"date":"2024-09-23T05:22:03","date_gmt":"2024-09-23T08:22:03","guid":{"rendered":"https:\/\/ilabrasil.com.br\/blog\/?p=2434"},"modified":"2024-09-23T05:22:41","modified_gmt":"2024-09-23T08:22:41","slug":"una-gloria-para-la-ensenanza-y-aplicacion-del-derecho-internacional-de-los-derechos-humanos","status":"publish","type":"post","link":"https:\/\/ilabrasil.com.br\/blog\/una-gloria-para-la-ensenanza-y-aplicacion-del-derecho-internacional-de-los-derechos-humanos\/","title":{"rendered":"Una gloria para la ense\u00f1anza y aplicaci\u00f3n del derecho internacional de los derechos humanos"},"content":{"rendered":"\n<p>Quisiera comenzar por afirmar enf\u00e1ticamente que el libro es el para\u00edso para un docente de derecho internacional de los derechos humanos, desde la \u00f3ptica sustancial y pedag\u00f3gica.&nbsp;<\/p>\n\n\n\n<p>Se trata de una obra multifac\u00e9tica que no est\u00e1 dirigida hacia un p\u00fablico exclusivo universitario de grado, ni de posgrado. Su acceso es atractivo para litigantes, miembros de organismos internacionales, integrantes de \u00f3rganos de protecci\u00f3n, jueces de jurisdicciones locales e internacionales, docentes, su potencial audiencia es enorme y no se limita a profesionales del derecho y disciplinas afines. &nbsp;<\/p>\n\n\n\n<p>Seguidamente, quisiera detenerme en el voluminoso y diverso sustento jurisprudencial, normativo y bibliogr\u00e1fico cuidadosamente seleccionado. M\u00e1s all\u00e1 de la cantidad y calidad de fuentes, corresponde destacar la sistematizaci\u00f3n y rese\u00f1as de casos que obran en cada uno de los cap\u00edtulos. Todo ello, sumando a su complet\u00edsima tabla de instrumentos internacionales, y de los art\u00edculos relevantes de cada uno de ellos citados, de manera interactiva, lo que le aporta un valor agregado a su versi\u00f3n digital.<\/p>\n\n\n\n<p>Esta breve rese\u00f1a se enfoca en las m\u00faltiples bonanzas de esta obra para la ense\u00f1anza del derecho internacional de los derechos humanos. No obstante ello, no deber\u00eda limitarse su acceso a los estudiantes y estudiosos del derecho internacional de los derechos humanos, pues su contenido y forma de expresarse hace una obra atractiva para cualquier persona con inquietudes en la tem\u00e1tica, que es transversal a cualquier inter\u00e9s.<\/p>\n\n\n\n<p>Desde el punto de vista pedag\u00f3gico, su estructura est\u00e1 perfectamente dise\u00f1ada para guiar a los docentes y estudiantes de una manera ordenada, org\u00e1nica, progresiva e interactiva.<\/p>\n\n\n\n<p>Sus 4 Partes (fundamentos, historia y marco legal; sistema universal; sistemas regionales y derechos sustantivos) proponen una lectura guiada e interrelaciona, que inicia desde su historia hacia la conceptualizaci\u00f3n, los mecanismos internacionales de protecci\u00f3n y culmina con el abordaje de derechos sustantivos, alcance y problematizaci\u00f3n. Todo ello en un di\u00e1logo constante entre las distintas partes, y m\u00e1s maravilloso aun, su formato digital es interactivo, lo que lo hace particularmente atractivo.<\/p>\n\n\n\n<p>Cada parte concluye con una propuesta de reflexi\u00f3n sobre el <em>status quo<\/em> y el futuro, propia de la progresividad de los derechos humanos.&nbsp; Es una obra que explica el derecho internacional de los derechos a trav\u00e9s de un relato ilustrativo atravesado por sus propias caracter\u00edsticas, desde su din\u00e1mica evolutiva y desafiante.<\/p>\n\n\n\n<p>El formato del libro, con los hiperv\u00ednculos, tambi\u00e9n dan cuenta de la necesidad de plantear su estudio desde una \u00f3ptica no est\u00e1tica.&nbsp; Esta inclusi\u00f3n le da una caracter\u00edstica distintiva, pues permite al lector el acceso inmediato a las fuentes citadas y la interpretaci\u00f3n evolutiva que estas van teniendo a lo largo del paso del tiempo.&nbsp; Muy probablemente, con sus futuras ediciones,&nbsp; este recurso ser\u00e1 f\u00e1cilmente actualizado. El libro est\u00e1 literalmente \u201cvivo\u201d, de la misma forma que los derechos humanos a los cuales se dedica.<\/p>\n\n\n\n<p>El enfoque del libro, desde una visi\u00f3n regional sudamericana y humanista desaf\u00eda el tradicional positivismo y voluntarismo del derecho internacional, en especial, en la creaci\u00f3n y aplicaci\u00f3n de las normas del derecho internacional y plantea la necesidad de romper con l\u00f3gicas estado c\u00e9ntricas y observar el comportamiento de otros actores en el plano internacional, como ser las empresas, la sociedad civil e incluso las organizaciones internacionales.&nbsp;<\/p>\n\n\n\n<p>Aportes en relaci\u00f3n con el alcance de las reparaciones en las violaciones de derechos humanos en general, y las graves en particular, ha impactado las interpretaciones de estas en otras latitudes geogr\u00e1ficas. Tambi\u00e9n, la expansi\u00f3n de las normas imperativas del derecho internacional general <em>jus cogens<\/em> est\u00e1n desafiando las normas relativas a la invocaci\u00f3n de la responsabilidad internacional del Estado, entre otros aspectos que el libro analiza, por ejemplo en materia de fuentes.<\/p>\n\n\n\n<p>Esta obra, incluye un enfoque critico de ciertos \u00f3rganos de protecci\u00f3n de derechos humanos basados en la carta de las Naciones Unidas, como ser el Consejo de Derechos Humanos, pondera las nuevas figuras procedimientos especiales as\u00ed como el perfil del Alto Comisionado para los Derechos Humanos.&nbsp; Merece ser destacado el rol del juez Can\u00e7ado Trindade en la Corte Interamericana de Derechos Humanos y luego en la Corte Internacional de Justicia con su vis\u00f3n humanista del derecho internacional, que nos ha regalado en sus extensos pronunciamientos.<\/p>\n\n\n\n<p>En lo que respecta al sistema universal de protecci\u00f3n, con sus 10 \u00f3rganos convencionales (nueve comit\u00e9s y un subcomit\u00e9), se expone un enfoque cuantitativo en relaci\u00f3n a los Estados Parte de cada uno de los Tratados. Aqu\u00ed tambi\u00e9n resulta particularmente interesante la reflexi\u00f3n relativa a la selecci\u00f3n de los integrantes de los Comit\u00e9s de Expertos, en particular la necesidad de transparencia, participaci\u00f3n de la sociedad civil y necesidad de imparcialidad.&nbsp;<\/p>\n\n\n\n<p>La parte relativa a los sistemas regionales de protecci\u00f3n, destaca los puntos de coincidencia de cada uno de ellos y de su retroalimentaci\u00f3n, desde la intervenci\u00f3n en denuncias individuales, casos interestatales, opiniones consultivas.&nbsp; El conocimiento de los distintos sistemas regionales no solo es \u00fatil para realizar un estudio sist\u00e9mico, sino tambi\u00e9n&nbsp; puede inspirar al desarrollo de otros&nbsp; sistemas en desarrollo en otras regionales o a sus sistemas nacionales, o a \u00f3rganos universales que, si bien no poseen etapas jurisdiccionales se nutren de las interpretaciones dadas por los \u00f3rganos internacionales.<\/p>\n\n\n\n<p>El libro, siguiendo la l\u00f3gica de su mirada desde el sur global, comienza por el interamericano.&nbsp; Adem\u00e1s de explicar con claridad superlativa sus or\u00edgenes, \u00e1mbito de aplicaci\u00f3n material, personal, territorial y temporal, competencias, cuestiones de admisibilidad, el libro se dedica a explicar sus carencias desde la necesidad de reforma del sistema y a la realidad financiera regional.&nbsp; Estos par\u00e1metros sirven para ilustrar la cantidad de pronunciamientos y sus demoras y, al realizar un estudio comparativo, entender el alcance de sus decisiones.&nbsp; Tambi\u00e9n resulta relevante para quienes toman decisiones en \u00e1mbitos gubernamentales.<\/p>\n\n\n\n<p>En esta parte de la obra, los autores tambi\u00e9n incluyen criterios de hermen\u00e9utica que han sido desarrollados por el sistema europeo, a trav\u00e9s de la doctrina del margen de apreciaci\u00f3n y, el sistema interamericano, a trav\u00e9s del&nbsp; control de convencionalidad.&nbsp;<\/p>\n\n\n\n<p>En lo que respecta al sistema europeo, la obra lo explica no solo desde el punto de vista de la complejidad procedimental y las diferentes composiciones del Tribunal Europeo; el libro aporta un enfoque actual, con la relativamente reciente salida de Rusia. Adem\u00e1s, la inmensa cantidad de casos pone de relieve la necesidad de fortalecer el car\u00e1cter subsidiario de los mecanismos regionales de protecci\u00f3n de derechos humanos y colocar el foco en el deber de los Estados en sus responsabilidades primarias. En este punto es importante subrayar que la doctrina monista y dualista quedan obsoletas para explicar la interacci\u00f3n entre el derecho internacional y derecho interno en materia de protecci\u00f3n de derechos humanos, cuya la respuesta debe estar en las normas de interpretaci\u00f3n el principio de efectiva protecci\u00f3n, significado aut\u00f3nomo, interpretaci\u00f3n evolutiva y, en especial el principio <em>pro persona<\/em>.<\/p>\n\n\n\n<p>Por \u00faltimo, el sistema africano, el \u00faltimo de los sistemas regionales en crearse y desarrollarse, que se nutre de las bonanzas del europeo y americano, e incluso intenta&nbsp; avanzar en&nbsp; proyectos novedosos, los cuales de prosperar, en el futuro, dar\u00e1n nacimiento a la primera jurisdicci\u00f3n internacional con competencia en derecho internacional general, derecho internacional de los derechos humanos y derecho penal internacional (responsabilidad penal individual).<\/p>\n\n\n\n<p>La \u00faltima parte sobre derechos sustantivos, nos propone un enfoque evolutivo, con perspectiva de g\u00e9nero y en la diversidad. Contiene una inteligente y para nada azarosa selecci\u00f3n de temas que aborda desde la indivisibilidad e interdependencia propia de los derechos humanos y la interseccionalidad de la prohibici\u00f3n de la discriminaci\u00f3n. Tambi\u00e9n nos invita a reflexionar acerca de las ausencias de ciertos est\u00e1ndares en la jurisprudencia de los \u00f3rganos internacionales de vigilancia.<\/p>\n\n\n\n<p>En resumen, esta obra nos invita a explorar los fundamentos, la evoluci\u00f3n, las conquistas y las deudas del derecho internacional de los derechos humanos, desde una \u00f3ptica del sur global, con diversidad y perspectiva de g\u00e9nero. &nbsp;<\/p>\n\n\n\n<p>Mis deseos de que este libro tenga la m\u00e1s amplia difusi\u00f3n, en especial en las aulas, que son los escenarios m\u00e1s propicios para generar el efecto multiplicador de la protecci\u00f3n de los derechos humanos en general, pues cuantas m\u00e1s personas conocen el alcance de los derechos humanos, la vulnerabilizaci\u00f3n de ellos disminuye y las herramientas para su defensa aumentan.<\/p>\n\n\n\n<p>See <a href=\"https:\/\/ilabrasil.com.br\/blog\/a-response-to-the-reviewers-2\/\">author&#8217;s reaction<\/a><\/p>\n","protected":false},"excerpt":{"rendered":"<p>Quisiera comenzar por afirmar enf\u00e1ticamente que el libro es el para\u00edso para un docente de derecho internacional de los derechos humanos, desde la \u00f3ptica sustancial y pedag\u00f3gica.&nbsp; Se trata de una obra multifac\u00e9tica que no est\u00e1 dirigida hacia un p\u00fablico exclusivo universitario de grado, ni de posgrado. Su acceso es atractivo para litigantes, miembros de &hellip; <a href=\"https:\/\/ilabrasil.com.br\/blog\/una-gloria-para-la-ensenanza-y-aplicacion-del-derecho-internacional-de-los-derechos-humanos\/\" class=\"more-link\">Continue lendo<span class=\"screen-reader-text\"> &#8220;Una gloria para la ense\u00f1anza y aplicaci\u00f3n del derecho internacional de los derechos humanos&#8221;<\/span><\/a><\/p>\n","protected":false},"author":1,"featured_media":2436,"comment_status":"open","ping_status":"open","sticky":false,"template":"","format":"standard","meta":{"footnotes":""},"categories":[3],"tags":[],"ppma_author":[324],"class_list":["post-2434","post","type-post","status-publish","format-standard","has-post-thumbnail","hentry","category-book-symposia"],"authors":[{"term_id":324,"user_id":0,"is_guest":1,"slug":"aldana-rohr","display_name":"Aldana Rohr","avatar_url":{"url":"https:\/\/ilabrasil.com.br\/blog\/wp-content\/uploads\/2024\/09\/1713970540254.jpeg","url2x":"https:\/\/ilabrasil.com.br\/blog\/wp-content\/uploads\/2024\/09\/1713970540254.jpeg"},"author_category":"","first_name":"","last_name":"","user_url":"","job_title":"","description":"Abogada (UBA) Mag\u00edster en Relaciones Internacionales por la UBA (Argentina) Profesora de Derecho Internacional P\u00fablico y de Derechos Humanos y Garant\u00edas (UBA), de Cooperaci\u00f3n Jur\u00eddica Internacional, Derecho Internacional y Derechos Humanos (UBA) y Soluci\u00f3n de Controversias Internacionales (UBA\/UCA)(Argentina). Integrante Fundadora de la Red Iberoamericana de Investigadores sobre Administraci\u00f3n de Justicia, Nuevas Tecnolog\u00edas y Derechos Humanos (REDHITEC). Integrante Asociada electa por Asamblea Plenaria XXX, Sevilla 2018, Instituto Hispano Luso y Filipino de Derecho Internacional. Miembro Consultora del Consejo Argentino para las Relaciones Internacionales e Integrante del Instituto de Derecho Internacional (CARI)."}],"_links":{"self":[{"href":"https:\/\/ilabrasil.com.br\/blog\/wp-json\/wp\/v2\/posts\/2434","targetHints":{"allow":["GET"]}}],"collection":[{"href":"https:\/\/ilabrasil.com.br\/blog\/wp-json\/wp\/v2\/posts"}],"about":[{"href":"https:\/\/ilabrasil.com.br\/blog\/wp-json\/wp\/v2\/types\/post"}],"author":[{"embeddable":true,"href":"https:\/\/ilabrasil.com.br\/blog\/wp-json\/wp\/v2\/users\/1"}],"replies":[{"embeddable":true,"href":"https:\/\/ilabrasil.com.br\/blog\/wp-json\/wp\/v2\/comments?post=2434"}],"version-history":[{"count":2,"href":"https:\/\/ilabrasil.com.br\/blog\/wp-json\/wp\/v2\/posts\/2434\/revisions"}],"predecessor-version":[{"id":2438,"href":"https:\/\/ilabrasil.com.br\/blog\/wp-json\/wp\/v2\/posts\/2434\/revisions\/2438"}],"wp:featuredmedia":[{"embeddable":true,"href":"https:\/\/ilabrasil.com.br\/blog\/wp-json\/wp\/v2\/media\/2436"}],"wp:attachment":[{"href":"https:\/\/ilabrasil.com.br\/blog\/wp-json\/wp\/v2\/media?parent=2434"}],"wp:term":[{"taxonomy":"category","embeddable":true,"href":"https:\/\/ilabrasil.com.br\/blog\/wp-json\/wp\/v2\/categories?post=2434"},{"taxonomy":"post_tag","embeddable":true,"href":"https:\/\/ilabrasil.com.br\/blog\/wp-json\/wp\/v2\/tags?post=2434"},{"taxonomy":"author","embeddable":true,"href":"https:\/\/ilabrasil.com.br\/blog\/wp-json\/wp\/v2\/ppma_author?post=2434"}],"curies":[{"name":"wp","href":"https:\/\/api.w.org\/{rel}","templated":true}]}}